{"id":13537,"date":"2022-05-23T10:24:13","date_gmt":"2022-05-23T10:24:13","guid":{"rendered":"https:\/\/www.meliefanimalsanctuary.org\/?p=13537"},"modified":"2022-05-23T10:24:13","modified_gmt":"2022-05-23T10:24:13","slug":"13537","status":"publish","type":"post","link":"https:\/\/www.meliefanimalsanctuary.org\/de\/13537\/","title":{"rendered":""},"content":{"rendered":"<p>2 Jahre nachdem Gro\u00dfveranstaltungen nicht mehr stattfinden durften, melden wir uns mit unserem Sommerfest zur\u00fcck! Traditionell findet dieser Festtag am letzten Sonntag im August in S\u00f6gel statt. Wir beginnen um 11 Uhr und es dauert bis 17 Uhr. Wir wollen euch gern zeigen, was wir f\u00fcr die Tiere tun, aber es gibt auch eine Tombola, wir haben Verkaufsst\u00e4nde mit u.a. Merchandise und auch vegane K\u00f6stlichkeiten k\u00f6nnen den ganzen Tag genossen werden. Alle Einnahmen des Tages gehen an die Melief-Tiere! Nutzen Sie es, gerade wenn Sie etwas weiter weg wohnen und kommen Sie am 28. August!<\/p>\n<p><img loading=\"lazy\" decoding=\"async\" class=\"size-medium wp-image-13531 aligncenter\" src=\"https:\/\/www.meliefanimalsanctuary.org\/wp-content\/uploads\/2022\/05\/sommerfest-300x300.jpeg\" alt=\"\" width=\"300\" height=\"300\" srcset=\"https:\/\/www.meliefanimalsanctuary.org\/wp-content\/uploads\/2022\/05\/sommerfest-300x300.jpeg 300w, https:\/\/www.meliefanimalsanctuary.org\/wp-content\/uploads\/2022\/05\/sommerfest-1024x1024.jpeg 1024w, https:\/\/www.meliefanimalsanctuary.org\/wp-content\/uploads\/2022\/05\/sommerfest-150x150.jpeg 150w, https:\/\/www.meliefanimalsanctuary.org\/wp-content\/uploads\/2022\/05\/sommerfest-768x768.jpeg 768w, https:\/\/www.meliefanimalsanctuary.org\/wp-content\/uploads\/2022\/05\/sommerfest-200x200.jpeg 200w, https:\/\/www.meliefanimalsanctuary.org\/wp-content\/uploads\/2022\/05\/sommerfest-600x600.jpeg 600w, https:\/\/www.meliefanimalsanctuary.org\/wp-content\/uploads\/2022\/05\/sommerfest-100x100.jpeg 100w, https:\/\/www.meliefanimalsanctuary.org\/wp-content\/uploads\/2022\/05\/sommerfest.jpeg 1080w\" sizes=\"(max-width: 300px) 100vw, 300px\" \/><\/p>","protected":false},"excerpt":{"rendered":"<p>2 Jahre nachdem Gro\u00dfveranstaltungen nicht mehr stattfinden durften, melden wir uns mit unserem Sommerfest zur\u00fcck! Traditionell findet dieser Festtag am letzten Sonntag im August in S\u00f6gel statt. Wir beginnen um 11 Uhr und es dauert bis 17 Uhr. Wir wollen euch gern zeigen, was wir f\u00fcr die Tiere tun, aber es gibt auch eine Tombola, [&hellip;]<\/p>\n","protected":false},"author":7,"featured_media":13531,"comment_status":"open","ping_status":"open","sticky":false,"template":"","format":"standard","meta":{"wpupg_custom_link":[],"wpupg_custom_link_behaviour":["default"],"wpupg_custom_link_nofollow":[],"wpupg_custom_image":[],"wpupg_custom_image_id":[],"footnotes":""},"categories":[23],"tags":[],"class_list":["post-13537","post","type-post","status-publish","format-standard","has-post-thumbnail","hentry","category-nachrichten"],"_links":{"self":[{"href":"https:\/\/www.meliefanimalsanctuary.org\/de\/wp-json\/wp\/v2\/posts\/13537"}],"collection":[{"href":"https:\/\/www.meliefanimalsanctuary.org\/de\/wp-json\/wp\/v2\/posts"}],"about":[{"href":"https:\/\/www.meliefanimalsanctuary.org\/de\/wp-json\/wp\/v2\/types\/post"}],"author":[{"embeddable":true,"href":"https:\/\/www.meliefanimalsanctuary.org\/de\/wp-json\/wp\/v2\/users\/7"}],"replies":[{"embeddable":true,"href":"https:\/\/www.meliefanimalsanctuary.org\/de\/wp-json\/wp\/v2\/comments?post=13537"}],"version-history":[{"count":0,"href":"https:\/\/www.meliefanimalsanctuary.org\/de\/wp-json\/wp\/v2\/posts\/13537\/revisions"}],"wp:featuredmedia":[{"embeddable":true,"href":"https:\/\/www.meliefanimalsanctuary.org\/de\/wp-json\/wp\/v2\/media\/13531"}],"wp:attachment":[{"href":"https:\/\/www.meliefanimalsanctuary.org\/de\/wp-json\/wp\/v2\/media?parent=13537"}],"wp:term":[{"taxonomy":"category","embeddable":true,"href":"https:\/\/www.meliefanimalsanctuary.org\/de\/wp-json\/wp\/v2\/categories?post=13537"},{"taxonomy":"post_tag","embeddable":true,"href":"https:\/\/www.meliefanimalsanctuary.org\/de\/wp-json\/wp\/v2\/tags?post=13537"}],"curies":[{"name":"wp","href":"https:\/\/api.w.org\/{rel}","templated":true}]}}