{"id":11779,"date":"2020-03-16T16:10:33","date_gmt":"2020-03-16T16:10:33","guid":{"rendered":"https:\/\/www.meliefanimalsanctuary.org\/?p=11779"},"modified":"2020-03-16T16:12:12","modified_gmt":"2020-03-16T16:12:12","slug":"foto-der-woche-63","status":"publish","type":"post","link":"https:\/\/www.meliefanimalsanctuary.org\/de\/foto-der-woche-63\/","title":{"rendered":"Foto der Woche"},"content":{"rendered":"<style type=\"text\/css\">\n\t\t\t#gallery-1 {\n\t\t\t\tmargin: auto;\n\t\t\t}\n\t\t\t#gallery-1 .gallery-item {\n\t\t\t\tfloat: left;\n\t\t\t\tmargin-top: 10px;\n\t\t\t\ttext-align: center;\n\t\t\t\twidth: 100%;\n\t\t\t}\n\t\t\t#gallery-1 img {\n\t\t\t\tborder: 2px solid #cfcfcf;\n\t\t\t}\n\t\t\t#gallery-1 .gallery-caption {\n\t\t\t\tmargin-left: 0;\n\t\t\t}\n\t\t\t\/* see gallery_shortcode() in wp-includes\/media.php *\/\n\t\t<\/style>\n\t\t<div id='gallery-1' class='gallery galleryid-11779 gallery-columns-1 gallery-size-full'><dl class='gallery-item'>\n\t\t\t<dt class='gallery-icon landscape'>\n\t\t\t\t<a href='https:\/\/www.meliefanimalsanctuary.org\/de\/foto-der-woche-63\/89666667_3584324994973147_4298992981731442688_o-2\/'><img loading=\"lazy\" decoding=\"async\" width=\"1000\" height=\"750\" src=\"https:\/\/www.meliefanimalsanctuary.org\/wp-content\/uploads\/2020\/03\/89666667_3584324994973147_4298992981731442688_o.jpg\" class=\"attachment-full size-full\" alt=\"\" srcset=\"https:\/\/www.meliefanimalsanctuary.org\/wp-content\/uploads\/2020\/03\/89666667_3584324994973147_4298992981731442688_o.jpg 1000w, https:\/\/www.meliefanimalsanctuary.org\/wp-content\/uploads\/2020\/03\/89666667_3584324994973147_4298992981731442688_o-300x225.jpg 300w, https:\/\/www.meliefanimalsanctuary.org\/wp-content\/uploads\/2020\/03\/89666667_3584324994973147_4298992981731442688_o-768x576.jpg 768w, https:\/\/www.meliefanimalsanctuary.org\/wp-content\/uploads\/2020\/03\/89666667_3584324994973147_4298992981731442688_o-200x150.jpg 200w, https:\/\/www.meliefanimalsanctuary.org\/wp-content\/uploads\/2020\/03\/89666667_3584324994973147_4298992981731442688_o-600x450.jpg 600w\" sizes=\"(max-width: 1000px) 100vw, 1000px\" \/><\/a>\n\t\t\t<\/dt><\/dl><br style=\"clear: both\" \/>\n\t\t<\/div>\n\n<p>Alma: &#8220;Warte mal, was hat er gesagt&#8230;? Hast du das geh\u00f6rt, Juna? Wie k\u00f6nnen sie blo\u00df behaupten, dass wir das waren!&#8221; Juna: &#8220;Er hat doch echt keinen blassen Schimmer. Er soll es lieber zusammenrei\u00dfen und die Kacke zum Misthaufen bringen, sorry f\u00fcr meine Ausdrucksweise!&#8221; \ud83d\ude42<\/p>","protected":false},"excerpt":{"rendered":"<p>Alma: &#8220;Warte mal, was hat er gesagt&#8230;? Hast du das geh\u00f6rt, Juna? Wie k\u00f6nnen sie blo\u00df behaupten, dass wir das waren!&#8221; Juna: &#8220;Er hat doch echt keinen blassen Schimmer. Er soll es lieber zusammenrei\u00dfen und die Kacke zum Misthaufen bringen, sorry f\u00fcr meine Ausdrucksweise!&#8221; \ud83d\ude42<\/p>","protected":false},"author":4,"featured_media":11777,"comment_status":"open","ping_status":"open","sticky":false,"template":"","format":"standard","meta":{"wpupg_custom_link":[],"wpupg_custom_link_behaviour":["default"],"wpupg_custom_link_nofollow":[],"wpupg_custom_image":[],"wpupg_custom_image_id":[],"footnotes":""},"categories":[120],"tags":[],"class_list":["post-11779","post","type-post","status-publish","format-standard","has-post-thumbnail","hentry","category-foto-der-woche"],"_links":{"self":[{"href":"https:\/\/www.meliefanimalsanctuary.org\/de\/wp-json\/wp\/v2\/posts\/11779"}],"collection":[{"href":"https:\/\/www.meliefanimalsanctuary.org\/de\/wp-json\/wp\/v2\/posts"}],"about":[{"href":"https:\/\/www.meliefanimalsanctuary.org\/de\/wp-json\/wp\/v2\/types\/post"}],"author":[{"embeddable":true,"href":"https:\/\/www.meliefanimalsanctuary.org\/de\/wp-json\/wp\/v2\/users\/4"}],"replies":[{"embeddable":true,"href":"https:\/\/www.meliefanimalsanctuary.org\/de\/wp-json\/wp\/v2\/comments?post=11779"}],"version-history":[{"count":0,"href":"https:\/\/www.meliefanimalsanctuary.org\/de\/wp-json\/wp\/v2\/posts\/11779\/revisions"}],"wp:featuredmedia":[{"embeddable":true,"href":"https:\/\/www.meliefanimalsanctuary.org\/de\/wp-json\/wp\/v2\/media\/11777"}],"wp:attachment":[{"href":"https:\/\/www.meliefanimalsanctuary.org\/de\/wp-json\/wp\/v2\/media?parent=11779"}],"wp:term":[{"taxonomy":"category","embeddable":true,"href":"https:\/\/www.meliefanimalsanctuary.org\/de\/wp-json\/wp\/v2\/categories?post=11779"},{"taxonomy":"post_tag","embeddable":true,"href":"https:\/\/www.meliefanimalsanctuary.org\/de\/wp-json\/wp\/v2\/tags?post=11779"}],"curies":[{"name":"wp","href":"https:\/\/api.w.org\/{rel}","templated":true}]}}